{"id":128,"date":"2012-07-13T17:32:29","date_gmt":"2012-07-13T16:32:29","guid":{"rendered":"http:\/\/saber.comule.com\/?p=128"},"modified":"2014-07-08T14:39:44","modified_gmt":"2014-07-08T13:39:44","slug":"20112012-licence-3-magistere-1","status":"publish","type":"post","link":"http:\/\/saber-benmimoun.com\/?p=128","title":{"rendered":"2011\/2012: Licence 3 &#038; Magist\u00e8re 1"},"content":{"rendered":"<p><span style=\"color: #000000;\">Les r\u00e9sultats de ma Licence 2 Bioplus m&#8217;ont permis \u00e0 la fois de; passer en troisi\u00e8me ann\u00e9e de licence mention Biologie-Sant\u00e9, et\u00a0d\u2019int\u00e9grer\u00a0une premi\u00e8re ann\u00e9e de Magist\u00e8re de Biologie et de Biotechnologie de la facult\u00e9 d&#8217;Orsay.<\/span><\/p>\n<p><span style=\"color: #000000;\"><!--more--><\/span><\/p>\n<p><span style=\"color: #000000;\">\u00a0<\/span><\/p>\n<p><span style=\"color: #000000;\"><strong>Qu&#8217;est-ce qu&#8217;un magist\u00e8re?<\/strong><\/span><\/p>\n<p><span style=\"color: #000000;\">Institu\u00e9s en 1985 les magist\u00e8res sont des\u00a0formations d&#8217;excellence associant connaissances scientifiques, applications professionnelles et initiation \u00e0 la recherche, ins\u00e9r\u00e9e dans une structure universitaire.\u00a0La formation est\u00a0dispens\u00e9e sur 3 ans de Bac+3 (L3) \u00e0 Bac+5 (M2).<\/span><\/p>\n<p><span style=\"color: #000000;\">La finalit\u00e9 des magist\u00e8res est une finalit\u00e9 professionnelle fortement affirm\u00e9e mais dans une acceptation large, la profession pouvant \u00eatre aussi bien le m\u00e9tier d&#8217;enseignant ou de chercheur que l&#8217;activit\u00e9 pratique du cadre de haut niveau.\u00a0Pour nombre d&#8217;entre eux, les magist\u00e8res sont donc une pr\u00e9paration particuli\u00e8rement adapt\u00e9e aux \u00e9tudes doctorales (BAC+8).\u00a0<\/span><\/p>\n<p><span style=\"color: #000000;\">Les magist\u00e8res sont accessibles apr\u00e8s s\u00e9lection et accueillent des\u00a0promotions limit\u00e9es autorisant l&#8217;instauration d&#8217;un v\u00e9ritable tutorat, et ils sont\u00a0qualifi\u00e9s de &#8220;fili\u00e8re de qualit\u00e9 et d&#8217;excellence&#8221; par le minist\u00e8re de l&#8217;\u00e9ducation nationale. Leurs 21 ans d&#8217;existence leur conf\u00e8rent une reconnaissance au niveau des milieux professionnels aussi bien priv\u00e9s que publics.\u00a0 Le dipl\u00f4me de magist\u00e8re permet l&#8217;obtention de bourses de th\u00e8se r\u00e9serv\u00e9es aux \u00e9l\u00e8ves ing\u00e9nieurs (bourse de docteur ing\u00e9nieur par exemple)<\/span><\/p>\n<p>&nbsp;<\/p>\n<p><span style=\"color: #000000;\"><strong>Le Magist\u00e8re Biologie et Biotechnologies de la facult\u00e9 d&#8217;Orsay:<img loading=\"lazy\" decoding=\"async\" class=\"alignright\" src=\"http:\/\/www.magistere-biotechnologie.u-psud.fr\/images\/logomag.jpg\" alt=\"\" width=\"105\" height=\"110\" \/><\/strong><\/span><\/p>\n<p><span style=\"color: #000000;\">C&#8217;est une fili\u00e8re reconnue depuis 1994 orient\u00e9e sur\u00a0la recherche et l&#8217;entreprise, avec un acc\u00e8s s\u00e9lectif sur capacit\u00e9s et motivation.\u00a0<\/span><span style=\"color: #000000;\">Une formation de haut niveau de Bac+3 \u00e0 Bac+5 comprenant :<\/span><\/p>\n<ul>\n<li><span style=\"color: #000000;\">Un L3 de biologie en partenariat avec l\u2019Ecole Normale Sup\u00e9rieure de Cachan<\/span><\/li>\n<li><span style=\"color: #000000;\">Un Master de Paris XI<\/span><\/li>\n<li><span style=\"color: #000000;\">Des enseignements sp\u00e9cifiques\u00a0ax\u00e9s autour de la strat\u00e9gie d\u2019entreprise et de l\u2019anglais<\/span><\/li>\n<li><span style=\"color: #000000;\">Des stages et des projets personnels encadr\u00e9s<\/span><\/li>\n<li><span style=\"color: #000000;\">Un encadrement scientifique et p\u00e9dagogique personnalis\u00e9<\/span><\/li>\n<\/ul>\n<address><span style=\"color: #000000;\"><a href=\"http:\/\/www.u-psud.fr\/fr\/les_formations\/les_formations_par_diplome\/magisteres\/magistere_biologie_et_biotechnologie.html\"><span style=\"color: #000000;\">Site de la facult\u00e9 d&#8217;Orsay<\/span><\/a><\/span><\/address>\n<address><span style=\"color: #000000;\"><a href=\"http:\/\/www.magistere-biotechnologie.u-psud.fr\/index.htm\"><span style=\"color: #000000;\">Site du Magist\u00e8re Biologie et Biotechnologies<\/span><\/a><\/span><\/address>\n","protected":false},"excerpt":{"rendered":"<p>Les r\u00e9sultats de ma Licence 2 Bioplus m&#8217;ont permis \u00e0 la fois de; passer en troisi\u00e8me ann\u00e9e de licence mention Biologie-Sant\u00e9, et\u00a0d\u2019int\u00e9grer\u00a0une premi\u00e8re ann\u00e9e de Magist\u00e8re de Biologie et de Biotechnologie de la facult\u00e9 d&#8217;Orsay.<\/p>\n","protected":false},"author":1,"featured_media":1311,"comment_status":"open","ping_status":"open","sticky":false,"template":"","format":"standard","meta":[],"categories":[14],"tags":[],"class_list":["post-128","post","type-post","status-publish","format-standard","has-post-thumbnail","hentry","category-mes-etudes","category-14","description-off"],"_links":{"self":[{"href":"http:\/\/saber-benmimoun.com\/index.php?rest_route=\/wp\/v2\/posts\/128","targetHints":{"allow":["GET"]}}],"collection":[{"href":"http:\/\/saber-benmimoun.com\/index.php?rest_route=\/wp\/v2\/posts"}],"about":[{"href":"http:\/\/saber-benmimoun.com\/index.php?rest_route=\/wp\/v2\/types\/post"}],"author":[{"embeddable":true,"href":"http:\/\/saber-benmimoun.com\/index.php?rest_route=\/wp\/v2\/users\/1"}],"replies":[{"embeddable":true,"href":"http:\/\/saber-benmimoun.com\/index.php?rest_route=%2Fwp%2Fv2%2Fcomments&post=128"}],"version-history":[{"count":11,"href":"http:\/\/saber-benmimoun.com\/index.php?rest_route=\/wp\/v2\/posts\/128\/revisions"}],"predecessor-version":[{"id":1313,"href":"http:\/\/saber-benmimoun.com\/index.php?rest_route=\/wp\/v2\/posts\/128\/revisions\/1313"}],"wp:featuredmedia":[{"embeddable":true,"href":"http:\/\/saber-benmimoun.com\/index.php?rest_route=\/wp\/v2\/media\/1311"}],"wp:attachment":[{"href":"http:\/\/saber-benmimoun.com\/index.php?rest_route=%2Fwp%2Fv2%2Fmedia&parent=128"}],"wp:term":[{"taxonomy":"category","embeddable":true,"href":"http:\/\/saber-benmimoun.com\/index.php?rest_route=%2Fwp%2Fv2%2Fcategories&post=128"},{"taxonomy":"post_tag","embeddable":true,"href":"http:\/\/saber-benmimoun.com\/index.php?rest_route=%2Fwp%2Fv2%2Ftags&post=128"}],"curies":[{"name":"wp","href":"https:\/\/api.w.org\/{rel}","templated":true}]}}