{"id":3706,"date":"2026-01-27T17:20:01","date_gmt":"2026-01-27T16:20:01","guid":{"rendered":"https:\/\/saber-benmimoun.com\/?p=3706"},"modified":"2026-01-29T15:26:04","modified_gmt":"2026-01-29T14:26:04","slug":"la-feuille-qui-resta","status":"publish","type":"post","link":"http:\/\/saber-benmimoun.com\/?p=3706","title":{"rendered":"La feuille qui resta"},"content":{"rendered":"\n<p>\u00c0 l\u2019heure o\u00f9 l\u2019automne dorait les branches, les feuilles, une \u00e0 une, se d\u00e9tachaient en silence.<br>Elles tombaient, fi\u00e8res d\u2019ob\u00e9ir au ventet regardaient la terre comme une promesse. Mais l\u2019une d\u2019elles resta.<br>Accroch\u00e9e \u00e0 la branche nue, elle tremblait sous la pluie, endurait le froid, et refusait de c\u00e9der.<\/p>\n\n\n<div class=\"wp-block-image\">\n<figure class=\"aligncenter size-full is-resized\"><img loading=\"lazy\" decoding=\"async\" width=\"728\" height=\"485\" src=\"http:\/\/saber-benmimoun.com\/wp-content\/uploads\/2026\/01\/feuille-automne-leaf.jpg\" alt=\"\" class=\"wp-image-3711\" style=\"width:528px;height:auto\" srcset=\"http:\/\/saber-benmimoun.com\/wp-content\/uploads\/2026\/01\/feuille-automne-leaf.jpg 728w, http:\/\/saber-benmimoun.com\/wp-content\/uploads\/2026\/01\/feuille-automne-leaf-300x200.jpg 300w\" sizes=\"auto, (max-width: 728px) 100vw, 728px\" \/><\/figure>\n<\/div>\n\n\n<p>Les feuilles tomb\u00e9es murmur\u00e8rent entre elles : Quelle tra\u00eetresse ! Elle se croit diff\u00e9rente. Elle nous renie en restant l\u00e0-haut.<br>L\u2019arbre, lui, sentait sa s\u00e8ve encore vibrer. Il regardait la feuille avec douceur et pensait : Elle est fid\u00e8le. Quand toutes sont parties, elle veille encore sur moi.<br>Les saisons passaient et s\u2019impatientaient. L\u2019hiver grin\u00e7ait : Elle d\u00e9fie l\u2019ordre. Le printemps haussait les \u00e9paules : Elle r\u00e9siste au renouveau. L\u2019\u00e9t\u00e9 soupirait : Elle oublie le rythme du monde.<br>Et toutes concluaient : C\u2019est une rebelle.<\/p>\n\n\n\n<p>La feuille, pourtant, ne cherchait ni \u00e0 provoquer, ni \u00e0 trahir, ni \u00e0 prouver quoi que ce soit. Accroch\u00e9e \u00e0 sa branche, elle doutait souvent. Elle sentait le vent l&#8217;appeler, le froid la fatiguer, le poids des regards invisibles peser sur ses nervures.<br>Par instants, elle se demandait si rester \u00e9tait un courage ou une peur, si tenir encore relevait de la fid\u00e9lit\u00e9 ou de l&#8217;obstination. Elle n&#8217;avait pas choisi d&#8217;\u00eatre diff\u00e9rente; elle \u00e9coutait simplement ce murmure int\u00e9rieur qui lui disait: pas encore.<\/p>\n\n\n\n<p>Et lorsque, enfin, elle se laissa tomber, ce ne fut ni une d\u00e9faite ni une victoire, mais un apaisement. Elle comprit alors qu&#8217;elle n&#8217;avait fait qu&#8217;ob\u00e9ir \u00e0 son propre temps.<br><\/p>\n\n\n\n<div style=\"height:100px\" aria-hidden=\"true\" class=\"wp-block-spacer\"><\/div>\n\n\n\n<p><strong>La morale :<br><\/strong>Nous sommes souvent jug\u00e9s, non pas sur ce que nous sommes, mais selon la perspective, les attentes et les int\u00e9r\u00eats de chacun.<br>On est tour \u00e0 tour tra\u00eetre, fid\u00e8le ou rebelle selon l&#8217;endroit d&#8217;o\u00f9 l&#8217;on nous regarde. Car chacun juge avec sa saison, et rarement avec la v\u00e9rit\u00e9.<\/p>\n","protected":false},"excerpt":{"rendered":"<p>\u00c0 l\u2019heure o\u00f9 l\u2019automne dorait les branches, les feuilles, une \u00e0 une, se d\u00e9tachaient en silence.Elles tombaient, fi\u00e8res d\u2019ob\u00e9ir au ventet regardaient la terre comme une promesse. Mais l\u2019une d\u2019elles resta.Accroch\u00e9e \u00e0 la branche nue, elle tremblait sous la pluie, endurait le froid, et refusait de c\u00e9der. Les feuilles tomb\u00e9es murmur\u00e8rent entre elles : Quelle&hellip;<\/p>\n","protected":false},"author":1,"featured_media":3711,"comment_status":"closed","ping_status":"closed","sticky":false,"template":"","format":"standard","meta":[],"categories":[4],"tags":[],"class_list":["post-3706","post","type-post","status-publish","format-standard","has-post-thumbnail","hentry","category-contes_philosophiques","category-4","description-off"],"_links":{"self":[{"href":"http:\/\/saber-benmimoun.com\/index.php?rest_route=\/wp\/v2\/posts\/3706","targetHints":{"allow":["GET"]}}],"collection":[{"href":"http:\/\/saber-benmimoun.com\/index.php?rest_route=\/wp\/v2\/posts"}],"about":[{"href":"http:\/\/saber-benmimoun.com\/index.php?rest_route=\/wp\/v2\/types\/post"}],"author":[{"embeddable":true,"href":"http:\/\/saber-benmimoun.com\/index.php?rest_route=\/wp\/v2\/users\/1"}],"replies":[{"embeddable":true,"href":"http:\/\/saber-benmimoun.com\/index.php?rest_route=%2Fwp%2Fv2%2Fcomments&post=3706"}],"version-history":[{"count":7,"href":"http:\/\/saber-benmimoun.com\/index.php?rest_route=\/wp\/v2\/posts\/3706\/revisions"}],"predecessor-version":[{"id":3717,"href":"http:\/\/saber-benmimoun.com\/index.php?rest_route=\/wp\/v2\/posts\/3706\/revisions\/3717"}],"wp:featuredmedia":[{"embeddable":true,"href":"http:\/\/saber-benmimoun.com\/index.php?rest_route=\/wp\/v2\/media\/3711"}],"wp:attachment":[{"href":"http:\/\/saber-benmimoun.com\/index.php?rest_route=%2Fwp%2Fv2%2Fmedia&parent=3706"}],"wp:term":[{"taxonomy":"category","embeddable":true,"href":"http:\/\/saber-benmimoun.com\/index.php?rest_route=%2Fwp%2Fv2%2Fcategories&post=3706"},{"taxonomy":"post_tag","embeddable":true,"href":"http:\/\/saber-benmimoun.com\/index.php?rest_route=%2Fwp%2Fv2%2Ftags&post=3706"}],"curies":[{"name":"wp","href":"https:\/\/api.w.org\/{rel}","templated":true}]}}