{"id":1681,"date":"2016-03-08T16:53:21","date_gmt":"2016-03-08T15:53:21","guid":{"rendered":"http:\/\/saber-benmimoun.com\/?p=1681"},"modified":"2020-03-06T20:31:42","modified_gmt":"2020-03-06T19:31:42","slug":"design-dun-nouveau-logo-pour-ladic","status":"publish","type":"post","link":"https:\/\/saber-benmimoun.com\/?p=1681","title":{"rendered":"Design d&#8217;un nouveau logo pour L&#8217;ADIC"},"content":{"rendered":"<p>En tant que charg\u00e9 de communication de l&#8217;association ADIC (Association des Doctorants et Jeunes Docteurs de l&#8217;Institut Curie), j&#8217;ai lanc\u00e9\u00a0le projet de cr\u00e9ation de nouveau logo pour l&#8217;association.<\/p>\n<p><img loading=\"lazy\" decoding=\"async\" class=\"aligncenter size-medium wp-image-1684\" src=\"http:\/\/saber-benmimoun.com\/wp-content\/uploads\/2016\/03\/old-new-logo-300x119.png\" alt=\"old new logo\" width=\"300\" height=\"119\" srcset=\"https:\/\/saber-benmimoun.com\/wp-content\/uploads\/2016\/03\/old-new-logo-300x119.png 300w, https:\/\/saber-benmimoun.com\/wp-content\/uploads\/2016\/03\/old-new-logo.png 648w\" sizes=\"auto, (max-width: 300px) 100vw, 300px\" \/><\/p>\n<p>Le design du nouveau logo refl\u00e8te l&#8217;appartenance de l&#8217;association ADIC \u00e0 l&#8217;Institut Curie (IC avec la couleur de l&#8217;InstitutCurie) et \u00e0 la r\u00e9gion parisienne (Tour Eiffel). Il fait aussi allusion au domaine de la recherche en biologie (l&#8217;ADN).<\/p>\n<p>Le nouveau logo a \u00e9t\u00e9 valid\u00e9, le 23 f\u00e9vrier 2016, par le bureau de l&#8217;association et commence \u00e0 apparaitre sur les documents officiels de l&#8217;ADIC.<\/p>\n<div id=\"attachment_2529\" style=\"width: 650px\" class=\"wp-caption aligncenter\"><img loading=\"lazy\" decoding=\"async\" aria-describedby=\"caption-attachment-2529\" class=\"wp-image-2529 size-large\" src=\"http:\/\/saber-benmimoun.com\/wp-content\/uploads\/2016\/03\/logo_ADIC_Lucchino_Marco-Uriel_Chantraine___Institut_Curie_20180110180524-1024x682.jpg\" alt=\"\" width=\"640\" height=\"426\" srcset=\"https:\/\/saber-benmimoun.com\/wp-content\/uploads\/2016\/03\/logo_ADIC_Lucchino_Marco-Uriel_Chantraine___Institut_Curie_20180110180524-1024x682.jpg 1024w, https:\/\/saber-benmimoun.com\/wp-content\/uploads\/2016\/03\/logo_ADIC_Lucchino_Marco-Uriel_Chantraine___Institut_Curie_20180110180524-300x200.jpg 300w, https:\/\/saber-benmimoun.com\/wp-content\/uploads\/2016\/03\/logo_ADIC_Lucchino_Marco-Uriel_Chantraine___Institut_Curie_20180110180524-768x512.jpg 768w, https:\/\/saber-benmimoun.com\/wp-content\/uploads\/2016\/03\/logo_ADIC_Lucchino_Marco-Uriel_Chantraine___Institut_Curie_20180110180524-696x464.jpg 696w, https:\/\/saber-benmimoun.com\/wp-content\/uploads\/2016\/03\/logo_ADIC_Lucchino_Marco-Uriel_Chantraine___Institut_Curie_20180110180524-1068x712.jpg 1068w, https:\/\/saber-benmimoun.com\/wp-content\/uploads\/2016\/03\/logo_ADIC_Lucchino_Marco-Uriel_Chantraine___Institut_Curie_20180110180524-630x420.jpg 630w, https:\/\/saber-benmimoun.com\/wp-content\/uploads\/2016\/03\/logo_ADIC_Lucchino_Marco-Uriel_Chantraine___Institut_Curie_20180110180524.jpg 2000w\" sizes=\"auto, (max-width: 640px) 100vw, 640px\" \/><p id=\"caption-attachment-2529\" class=\"wp-caption-text\">Uriel Chantraine\/Institut Curie<\/p><\/div>\n<div id=\"attachment_2689\" style=\"width: 650px\" class=\"wp-caption aligncenter\"><img loading=\"lazy\" decoding=\"async\" aria-describedby=\"caption-attachment-2689\" class=\"size-large wp-image-2689\" src=\"http:\/\/saber-benmimoun.com\/wp-content\/uploads\/2016\/03\/logo-adic-work-in-progress-768x1024.jpg\" alt=\"\" width=\"640\" height=\"853\" srcset=\"https:\/\/saber-benmimoun.com\/wp-content\/uploads\/2016\/03\/logo-adic-work-in-progress-768x1024.jpg 768w, https:\/\/saber-benmimoun.com\/wp-content\/uploads\/2016\/03\/logo-adic-work-in-progress-225x300.jpg 225w, https:\/\/saber-benmimoun.com\/wp-content\/uploads\/2016\/03\/logo-adic-work-in-progress-1152x1536.jpg 1152w, https:\/\/saber-benmimoun.com\/wp-content\/uploads\/2016\/03\/logo-adic-work-in-progress-1536x2048.jpg 1536w, https:\/\/saber-benmimoun.com\/wp-content\/uploads\/2016\/03\/logo-adic-work-in-progress-696x928.jpg 696w, https:\/\/saber-benmimoun.com\/wp-content\/uploads\/2016\/03\/logo-adic-work-in-progress-1068x1424.jpg 1068w, https:\/\/saber-benmimoun.com\/wp-content\/uploads\/2016\/03\/logo-adic-work-in-progress-315x420.jpg 315w, https:\/\/saber-benmimoun.com\/wp-content\/uploads\/2016\/03\/logo-adic-work-in-progress-scaled.jpg 1920w\" sizes=\"auto, (max-width: 640px) 100vw, 640px\" \/><p id=\"caption-attachment-2689\" class=\"wp-caption-text\">Logo Draft<\/p><\/div>\n","protected":false},"excerpt":{"rendered":"<p>En tant que charg\u00e9 de communication de l&#8217;association ADIC (Association des Doctorants et Jeunes Docteurs de l&#8217;Institut Curie), j&#8217;ai lanc\u00e9\u00a0le projet de cr\u00e9ation de nouveau logo pour l&#8217;association. Le design du nouveau logo refl\u00e8te l&#8217;appartenance de l&#8217;association ADIC \u00e0 l&#8217;Institut Curie (IC avec la couleur de l&#8217;InstitutCurie) et \u00e0 la r\u00e9gion parisienne (Tour Eiffel). Il&hellip;<\/p>\n","protected":false},"author":1,"featured_media":1685,"comment_status":"closed","ping_status":"closed","sticky":false,"template":"","format":"standard","meta":[],"categories":[41,18],"tags":[26],"class_list":["post-1681","post","type-post","status-publish","format-standard","has-post-thumbnail","hentry","category-activites-associations","category-portfolio","tag-a-la-une-2","category-41","category-18","description-off"],"_links":{"self":[{"href":"https:\/\/saber-benmimoun.com\/index.php?rest_route=\/wp\/v2\/posts\/1681","targetHints":{"allow":["GET"]}}],"collection":[{"href":"https:\/\/saber-benmimoun.com\/index.php?rest_route=\/wp\/v2\/posts"}],"about":[{"href":"https:\/\/saber-benmimoun.com\/index.php?rest_route=\/wp\/v2\/types\/post"}],"author":[{"embeddable":true,"href":"https:\/\/saber-benmimoun.com\/index.php?rest_route=\/wp\/v2\/users\/1"}],"replies":[{"embeddable":true,"href":"https:\/\/saber-benmimoun.com\/index.php?rest_route=%2Fwp%2Fv2%2Fcomments&post=1681"}],"version-history":[{"count":5,"href":"https:\/\/saber-benmimoun.com\/index.php?rest_route=\/wp\/v2\/posts\/1681\/revisions"}],"predecessor-version":[{"id":2691,"href":"https:\/\/saber-benmimoun.com\/index.php?rest_route=\/wp\/v2\/posts\/1681\/revisions\/2691"}],"wp:featuredmedia":[{"embeddable":true,"href":"https:\/\/saber-benmimoun.com\/index.php?rest_route=\/wp\/v2\/media\/1685"}],"wp:attachment":[{"href":"https:\/\/saber-benmimoun.com\/index.php?rest_route=%2Fwp%2Fv2%2Fmedia&parent=1681"}],"wp:term":[{"taxonomy":"category","embeddable":true,"href":"https:\/\/saber-benmimoun.com\/index.php?rest_route=%2Fwp%2Fv2%2Fcategories&post=1681"},{"taxonomy":"post_tag","embeddable":true,"href":"https:\/\/saber-benmimoun.com\/index.php?rest_route=%2Fwp%2Fv2%2Ftags&post=1681"}],"curies":[{"name":"wp","href":"https:\/\/api.w.org\/{rel}","templated":true}]}}